{"id":58087,"date":"2018-03-03T20:06:22","date_gmt":"2018-03-03T17:06:22","guid":{"rendered":"https:\/\/yilkomer.com\/ruzgar-santraline-dusen-yildirim-kameralara-yakalandi\/"},"modified":"2026-01-20T16:08:01","modified_gmt":"2026-01-20T13:08:01","slug":"blitzeinschlag-in-ein-windkraftwerk-von-kameras-aufgezeichnet","status":"publish","type":"post","link":"https:\/\/yilkomer.com\/de\/blitzeinschlag-in-ein-windkraftwerk-von-kameras-aufgezeichnet\/","title":{"rendered":"Blitzeinschlag in ein Windkraftwerk von Kameras aufgezeichnet"},"content":{"rendered":"<p style=\"font-weight: 400;\">Ein Blitzeinschlag in ein Windkraftwerk in der Region Izmir wurde k\u00fcrzlich von Kameras festgehalten. Da alle Kameras und Switches mangels Schutz besch\u00e4digt wurden, entstand nat\u00fcrlich sofort nach dem Blitzeinschlag ein ernsthafter Schaden, und das Bild bricht ab diesem Punkt ab.<\/p>\n<p><iframe loading=\"lazy\" src=\"https:\/\/www.youtube.com\/embed\/qVZ5LxxdbMM?ecver=1\" width=\"560\" height=\"315\" frameborder=\"0\" allowfullscreen=\"allowfullscreen\"><\/iframe><\/p>\n<p style=\"font-weight: 400;\">Der Blitzimpuls tritt zwischen 25 ns und 100 ns auf und verursacht Sch\u00e4den in einem Bereich von 2 km vom Einschlagpunkt. Insbesondere in Windkraftanlagen, in denen wir h\u00e4ufig Blitzereignisse erleben, brennen neben ernsthaften Sch\u00e4den an Kameras und Switches auch Relaiskarten und Gleichrichterkarten durch, die f\u00fcr den Betrieb des Hauptkraftwerks sorgen. Auf den Fotos sehen Sie die Sch\u00e4den an verbrannten Relais- und Gleichrichterkarten.<\/p>\n<p style=\"font-weight: 400;\">Blitz ist ein Naturereignis, das in den letzten 2 Jahren landesweit 7 Millionen Mal eingeschlagen hat und auch weiterhin einschlagen wird. M\u00fcssen wir also zusehen, wie unsere Millioneninvestitionen angesichts dieses Naturereignisses besch\u00e4digt werden? Nat\u00fcrlich lautet unsere Antwort nein; wenn wir die Anlagen mit der richtigen Auswahl an \u00dcberspannungsableitern unter Schutz stellen, werden wir diesen negativen Bildern nicht begegnen.<\/p>\n<p style=\"font-weight: 400;\">Energieschutzableiter vom Typ 1+2+3 mit Safetec-Technologie, Daten- und Signalleitungsschutz sowie empfindlicher Energieleitungsschutz sind darauf ausgelegt, Sie zu sch\u00fctzen. Als Ergebnis korrekter Design-, Ingenieur- und Anwendungsstudien d\u00fcrfen wir Blitzimpulsen mit Niederspannungs-\u00dcberspannungsableiter-Systemen keinen Durchlass gew\u00e4hren. Fachwissen und die richtige Produktauswahl sind in dieser Hinsicht jedoch \u00e4u\u00dferst wichtig; die meisten Anlagen, von denen wir glauben, dass sie gesch\u00fctzt sind, sind tats\u00e4chlich ungesch\u00fctzt. Es ist nicht schwer, zu diesem Schluss bei unseren Feldbegehungen zu kommen.<\/p>\n<p style=\"font-weight: 400;\">Als Blitzschutzzentrum w\u00e4hlen wir mit unseren kostenlosen Begutachtungsstudien und Ingenieurdienstleistungen die richtigen Ableiterprodukte f\u00fcr Ihre Anlage aus und stellen Ihre Anlage praktisch unter Schutz. Unser Ziel ist es jedoch, Schutz zu bieten, bevor Ihre Anlage besch\u00e4digt wird. Sie k\u00f6nnen uns kontaktieren, um Ihre Anlage mit Raycap Iskra Zascite Niederspannungs-\u00dcberspannungsableiter-Systemen mit SAFETEC, also langlebiger Ableitertechnologie, unter Schutz zu stellen.<\/p>\n<p><img loading=\"lazy\" decoding=\"async\" class=\"alignnone size-full wp-image-6836\" src=\"https:\/\/yilkomer.com\/wp-content\/uploads\/2018\/03\/Unutmayin-Yilkomer-\u2018Degerlerinizi-Korur.jpg\" alt=\"Vergessen Sie nicht Y\u0131lkomer Sch\u00fctzt Ihre Werte\" width=\"242\" height=\"366\" srcset=\"https:\/\/yilkomer.com\/wp-content\/uploads\/2018\/03\/Unutmayin-Yilkomer-\u2018Degerlerinizi-Korur.jpg 242w, https:\/\/yilkomer.com\/wp-content\/uploads\/2018\/03\/Unutmayin-Yilkomer-\u2018Degerlerinizi-Korur-198x300.jpg 198w, https:\/\/yilkomer.com\/wp-content\/uploads\/2018\/03\/Unutmayin-Yilkomer-\u2018Degerlerinizi-Korur-97x146.jpg 97w, https:\/\/yilkomer.com\/wp-content\/uploads\/2018\/03\/Unutmayin-Yilkomer-\u2018Degerlerinizi-Korur-33x50.jpg 33w, https:\/\/yilkomer.com\/wp-content\/uploads\/2018\/03\/Unutmayin-Yilkomer-\u2018Degerlerinizi-Korur-50x75.jpg 50w\" sizes=\"auto, (max-width:767px) 242px, 242px\" \/><\/p>\n<p>Vergessen Sie nicht, Y\u0131lkomer \u2018<strong>Sch\u00fctzt Ihre Werte<\/strong>!\u2019<\/p>\n\n\t\t\t<style type='text\/css'>\n\t\t\t\t#sc_gallery-1 {\n\t\t\t\t\tmargin: auto;\n\t\t\t\t}\n\t\t\t\t#sc_gallery-1 .gallery-item {\n\t\t\t\t\tfloat: left;\n\t\t\t\t\ttext-align: center;\n\t\t\t\t\twidth: 33.33%;\n\t\t\t\t}\n\t\t\t\t#sc_gallery-1 img {\n\t\t\t\t\tborder: 2px solid #cfcfcf;\n\t\t\t\t}\n\t\t\t\t\/* see sc_gallery() in functions\/theme-shortcodes.php *\/\n\t\t\t<\/style>\n\t\t<div id='sc_gallery-1' class='gallery galleryid-58087 gallery-columns-3 gallery-size-medium none element_classes gallery-default'><dl class='gallery-item'  data-title='r\u00fczgar santraline d\u00fc\u015fen y\u0131ld\u0131r\u0131m 1' data-description=''><div class='gallery-item-wrapper'>\n\t\t\t\t<dt class='gallery-icon portrait'>\n\t\t\t\t\t<img loading=\"lazy\" decoding=\"async\" width=\"225\" height=\"300\" src=\"https:\/\/yilkomer.com\/wp-content\/uploads\/2018\/03\/r\u00fczgar-santraline-d\u00fc\u015fen-y\u0131ld\u0131r\u0131m-1-scaled-225x300.jpg\" class=\"attachment-medium size-medium\" alt=\"\" srcset=\"https:\/\/yilkomer.com\/wp-content\/uploads\/2018\/03\/r\u00fczgar-santraline-d\u00fc\u015fen-y\u0131ld\u0131r\u0131m-1-scaled-225x300.jpg 225w, https:\/\/yilkomer.com\/wp-content\/uploads\/2018\/03\/r\u00fczgar-santraline-d\u00fc\u015fen-y\u0131ld\u0131r\u0131m-1-scaled-768x1024.jpg 768w, https:\/\/yilkomer.com\/wp-content\/uploads\/2018\/03\/r\u00fczgar-santraline-d\u00fc\u015fen-y\u0131ld\u0131r\u0131m-1-scaled-1152x1536.jpg 1152w, https:\/\/yilkomer.com\/wp-content\/uploads\/2018\/03\/r\u00fczgar-santraline-d\u00fc\u015fen-y\u0131ld\u0131r\u0131m-1-scaled-1536x2048.jpg 1536w, https:\/\/yilkomer.com\/wp-content\/uploads\/2018\/03\/r\u00fczgar-santraline-d\u00fc\u015fen-y\u0131ld\u0131r\u0131m-1-scaled-110x146.jpg 110w, https:\/\/yilkomer.com\/wp-content\/uploads\/2018\/03\/r\u00fczgar-santraline-d\u00fc\u015fen-y\u0131ld\u0131r\u0131m-1-scaled-38x50.jpg 38w, https:\/\/yilkomer.com\/wp-content\/uploads\/2018\/03\/r\u00fczgar-santraline-d\u00fc\u015fen-y\u0131ld\u0131r\u0131m-1-scaled-56x75.jpg 56w, https:\/\/yilkomer.com\/wp-content\/uploads\/2018\/03\/r\u00fczgar-santraline-d\u00fc\u015fen-y\u0131ld\u0131r\u0131m-1-scaled-540x720.jpg 540w, https:\/\/yilkomer.com\/wp-content\/uploads\/2018\/03\/r\u00fczgar-santraline-d\u00fc\u015fen-y\u0131ld\u0131r\u0131m-1-scaled-600x800.jpg 600w, https:\/\/yilkomer.com\/wp-content\/uploads\/2018\/03\/r\u00fczgar-santraline-d\u00fc\u015fen-y\u0131ld\u0131r\u0131m-1-scaled.jpg 1920w\" sizes=\"auto, (max-width:767px) 225px, 225px\" \/>\n\t\t\t\t<\/dt><\/div><\/dl><dl class='gallery-item'  data-title='r\u00fczgar santraline d\u00fc\u015fen y\u0131ld\u0131r\u0131m 2' data-description=''><div class='gallery-item-wrapper'>\n\t\t\t\t<dt class='gallery-icon landscape'>\n\t\t\t\t\t<img loading=\"lazy\" decoding=\"async\" width=\"300\" height=\"167\" src=\"https:\/\/yilkomer.com\/wp-content\/uploads\/2018\/03\/r\u00fczgar-santraline-d\u00fc\u015fen-y\u0131ld\u0131r\u0131m-2-300x167.jpg\" class=\"attachment-medium size-medium\" alt=\"\" srcset=\"https:\/\/yilkomer.com\/wp-content\/uploads\/2018\/03\/r\u00fczgar-santraline-d\u00fc\u015fen-y\u0131ld\u0131r\u0131m-2-300x167.jpg 300w, https:\/\/yilkomer.com\/wp-content\/uploads\/2018\/03\/r\u00fczgar-santraline-d\u00fc\u015fen-y\u0131ld\u0131r\u0131m-2-768x427.jpg 768w, https:\/\/yilkomer.com\/wp-content\/uploads\/2018\/03\/r\u00fczgar-santraline-d\u00fc\u015fen-y\u0131ld\u0131r\u0131m-2-260x146.jpg 260w, https:\/\/yilkomer.com\/wp-content\/uploads\/2018\/03\/r\u00fczgar-santraline-d\u00fc\u015fen-y\u0131ld\u0131r\u0131m-2-50x28.jpg 50w, https:\/\/yilkomer.com\/wp-content\/uploads\/2018\/03\/r\u00fczgar-santraline-d\u00fc\u015fen-y\u0131ld\u0131r\u0131m-2-135x75.jpg 135w, https:\/\/yilkomer.com\/wp-content\/uploads\/2018\/03\/r\u00fczgar-santraline-d\u00fc\u015fen-y\u0131ld\u0131r\u0131m-2-600x334.jpg 600w, https:\/\/yilkomer.com\/wp-content\/uploads\/2018\/03\/r\u00fczgar-santraline-d\u00fc\u015fen-y\u0131ld\u0131r\u0131m-2.jpg 890w\" sizes=\"auto, (max-width:767px) 300px, 300px\" \/>\n\t\t\t\t<\/dt><\/div><\/dl><dl class='gallery-item'  data-title='r\u00fczgar santraline d\u00fc\u015fen y\u0131ld\u0131r\u0131m' data-description=''><div class='gallery-item-wrapper'>\n\t\t\t\t<dt class='gallery-icon portrait'>\n\t\t\t\t\t<img loading=\"lazy\" decoding=\"async\" width=\"225\" height=\"300\" src=\"https:\/\/yilkomer.com\/wp-content\/uploads\/2018\/03\/r\u00fczgar-santraline-d\u00fc\u015fen-y\u0131ld\u0131r\u0131m-scaled-225x300.jpg\" class=\"attachment-medium size-medium\" alt=\"\" srcset=\"https:\/\/yilkomer.com\/wp-content\/uploads\/2018\/03\/r\u00fczgar-santraline-d\u00fc\u015fen-y\u0131ld\u0131r\u0131m-scaled-225x300.jpg 225w, https:\/\/yilkomer.com\/wp-content\/uploads\/2018\/03\/r\u00fczgar-santraline-d\u00fc\u015fen-y\u0131ld\u0131r\u0131m-scaled-768x1024.jpg 768w, https:\/\/yilkomer.com\/wp-content\/uploads\/2018\/03\/r\u00fczgar-santraline-d\u00fc\u015fen-y\u0131ld\u0131r\u0131m-scaled-1152x1536.jpg 1152w, https:\/\/yilkomer.com\/wp-content\/uploads\/2018\/03\/r\u00fczgar-santraline-d\u00fc\u015fen-y\u0131ld\u0131r\u0131m-scaled-1536x2048.jpg 1536w, https:\/\/yilkomer.com\/wp-content\/uploads\/2018\/03\/r\u00fczgar-santraline-d\u00fc\u015fen-y\u0131ld\u0131r\u0131m-scaled-110x146.jpg 110w, https:\/\/yilkomer.com\/wp-content\/uploads\/2018\/03\/r\u00fczgar-santraline-d\u00fc\u015fen-y\u0131ld\u0131r\u0131m-scaled-38x50.jpg 38w, https:\/\/yilkomer.com\/wp-content\/uploads\/2018\/03\/r\u00fczgar-santraline-d\u00fc\u015fen-y\u0131ld\u0131r\u0131m-scaled-56x75.jpg 56w, https:\/\/yilkomer.com\/wp-content\/uploads\/2018\/03\/r\u00fczgar-santraline-d\u00fc\u015fen-y\u0131ld\u0131r\u0131m-scaled-540x720.jpg 540w, https:\/\/yilkomer.com\/wp-content\/uploads\/2018\/03\/r\u00fczgar-santraline-d\u00fc\u015fen-y\u0131ld\u0131r\u0131m-scaled-600x800.jpg 600w, https:\/\/yilkomer.com\/wp-content\/uploads\/2018\/03\/r\u00fczgar-santraline-d\u00fc\u015fen-y\u0131ld\u0131r\u0131m-scaled.jpg 1920w\" sizes=\"auto, (max-width:767px) 225px, 225px\" \/>\n\t\t\t\t<\/dt><\/div><\/dl><br style=\"clear: both\" \/>\n\t\t\t<\/div>\n\n","protected":false},"excerpt":{"rendered":"<p>Ein Blitzeinschlag in ein Windkraftwerk in der Region Izmir wurde k\u00fcrzlich von Kameras festgehalten. Da alle Kameras und Switches mangels Schutz besch\u00e4digt wurden, entstand nat\u00fcrlich sofort<span class=\"excerpt-hellip\"> [\u2026]<\/span><\/p>\n","protected":false},"author":1,"featured_media":58088,"comment_status":"open","ping_status":"open","sticky":false,"template":"","format":"standard","meta":{"_joinchat":[],"footnotes":""},"categories":[194],"tags":[],"class_list":["post-58087","post","type-post","status-publish","format-standard","has-post-thumbnail","hentry","category-nicht-kategorisiert"],"yoast_head":"<!-- This site is optimized with the Yoast SEO Premium plugin v19.2.1 (Yoast SEO v27.5) - https:\/\/yoast.com\/product\/yoast-seo-premium-wordpress\/ -->\n<title>Blitzeinschlag in ein Windkraftwerk von Kameras aufgezeichnet<\/title>\n<meta name=\"robots\" content=\"index, follow, max-snippet:-1, max-image-preview:large, max-video-preview:-1\" \/>\n<link rel=\"canonical\" href=\"https:\/\/yilkomer.com\/de\/blitzeinschlag-in-ein-windkraftwerk-von-kameras-aufgezeichnet\/\" \/>\n<meta property=\"og:locale\" content=\"de_DE\" \/>\n<meta property=\"og:type\" content=\"article\" \/>\n<meta property=\"og:title\" content=\"Blitzeinschlag in ein Windkraftwerk von Kameras aufgezeichnet\" \/>\n<meta property=\"og:description\" content=\"Ein Blitzeinschlag in ein Windkraftwerk in der Region Izmir wurde k\u00fcrzlich von Kameras festgehalten. Da alle Kameras und Switches mangels Schutz\" \/>\n<meta property=\"og:url\" content=\"https:\/\/yilkomer.com\/de\/blitzeinschlag-in-ein-windkraftwerk-von-kameras-aufgezeichnet\/\" \/>\n<meta property=\"og:site_name\" content=\"Y\u0131lkomer\" \/>\n<meta property=\"article:author\" content=\"https:\/\/www.facebook.com\/yilkomer\" \/>\n<meta property=\"article:published_time\" content=\"2018-03-03T17:06:22+00:00\" \/>\n<meta property=\"article:modified_time\" content=\"2026-01-20T13:08:01+00:00\" \/>\n<meta property=\"og:image\" content=\"https:\/\/yilkomer.com\/wp-content\/uploads\/2018\/03\/r\u00fczgar-santraline-d\u00fc\u015fen-y\u0131ld\u0131r\u0131m-2.jpg\" \/>\n\t<meta property=\"og:image:width\" content=\"890\" \/>\n\t<meta property=\"og:image:height\" content=\"495\" \/>\n\t<meta property=\"og:image:type\" content=\"image\/jpeg\" \/>\n<meta name=\"author\" content=\"Y\u0131ld\u0131r\u0131mdan Korunma Merkezi\" \/>\n<meta name=\"twitter:label1\" content=\"Verfasst von\" \/>\n\t<meta name=\"twitter:data1\" content=\"Y\u0131ld\u0131r\u0131mdan Korunma Merkezi\" \/>\n\t<meta name=\"twitter:label2\" content=\"Gesch\u00e4tzte Lesezeit\" \/>\n\t<meta name=\"twitter:data2\" content=\"2\u00a0Minuten\" \/>\n<script type=\"application\/ld+json\" class=\"yoast-schema-graph\">{\"@context\":\"https:\\\/\\\/schema.org\",\"@graph\":[{\"@type\":\"Article\",\"@id\":\"https:\\\/\\\/yilkomer.com\\\/de\\\/blitzeinschlag-in-ein-windkraftwerk-von-kameras-aufgezeichnet\\\/#article\",\"isPartOf\":{\"@id\":\"https:\\\/\\\/yilkomer.com\\\/de\\\/blitzeinschlag-in-ein-windkraftwerk-von-kameras-aufgezeichnet\\\/\"},\"author\":{\"name\":\"Y\u0131ld\u0131r\u0131mdan Korunma Merkezi\",\"@id\":\"https:\\\/\\\/yilkomer.com\\\/de\\\/#\\\/schema\\\/person\\\/1378732ec91a59af36092fedd9f6f871\"},\"headline\":\"Blitzeinschlag in ein Windkraftwerk von Kameras aufgezeichnet\",\"datePublished\":\"2018-03-03T17:06:22+00:00\",\"dateModified\":\"2026-01-20T13:08:01+00:00\",\"mainEntityOfPage\":{\"@id\":\"https:\\\/\\\/yilkomer.com\\\/de\\\/blitzeinschlag-in-ein-windkraftwerk-von-kameras-aufgezeichnet\\\/\"},\"wordCount\":329,\"commentCount\":0,\"publisher\":{\"@id\":\"https:\\\/\\\/yilkomer.com\\\/de\\\/#organization\"},\"image\":{\"@id\":\"https:\\\/\\\/yilkomer.com\\\/de\\\/blitzeinschlag-in-ein-windkraftwerk-von-kameras-aufgezeichnet\\\/#primaryimage\"},\"thumbnailUrl\":\"https:\\\/\\\/yilkomer.com\\\/wp-content\\\/uploads\\\/2018\\\/03\\\/r\u00fczgar-santraline-d\u00fc\u015fen-y\u0131ld\u0131r\u0131m-2.jpg\",\"inLanguage\":\"de\",\"potentialAction\":[{\"@type\":\"CommentAction\",\"name\":\"Comment\",\"target\":[\"https:\\\/\\\/yilkomer.com\\\/de\\\/blitzeinschlag-in-ein-windkraftwerk-von-kameras-aufgezeichnet\\\/#respond\"]}]},{\"@type\":\"WebPage\",\"@id\":\"https:\\\/\\\/yilkomer.com\\\/de\\\/blitzeinschlag-in-ein-windkraftwerk-von-kameras-aufgezeichnet\\\/\",\"url\":\"https:\\\/\\\/yilkomer.com\\\/de\\\/blitzeinschlag-in-ein-windkraftwerk-von-kameras-aufgezeichnet\\\/\",\"name\":\"Blitzeinschlag in ein Windkraftwerk von Kameras aufgezeichnet\",\"isPartOf\":{\"@id\":\"https:\\\/\\\/yilkomer.com\\\/de\\\/#website\"},\"primaryImageOfPage\":{\"@id\":\"https:\\\/\\\/yilkomer.com\\\/de\\\/blitzeinschlag-in-ein-windkraftwerk-von-kameras-aufgezeichnet\\\/#primaryimage\"},\"image\":{\"@id\":\"https:\\\/\\\/yilkomer.com\\\/de\\\/blitzeinschlag-in-ein-windkraftwerk-von-kameras-aufgezeichnet\\\/#primaryimage\"},\"thumbnailUrl\":\"https:\\\/\\\/yilkomer.com\\\/wp-content\\\/uploads\\\/2018\\\/03\\\/r\u00fczgar-santraline-d\u00fc\u015fen-y\u0131ld\u0131r\u0131m-2.jpg\",\"datePublished\":\"2018-03-03T17:06:22+00:00\",\"dateModified\":\"2026-01-20T13:08:01+00:00\",\"breadcrumb\":{\"@id\":\"https:\\\/\\\/yilkomer.com\\\/de\\\/blitzeinschlag-in-ein-windkraftwerk-von-kameras-aufgezeichnet\\\/#breadcrumb\"},\"inLanguage\":\"de\",\"potentialAction\":[{\"@type\":\"ReadAction\",\"target\":[\"https:\\\/\\\/yilkomer.com\\\/de\\\/blitzeinschlag-in-ein-windkraftwerk-von-kameras-aufgezeichnet\\\/\"]}]},{\"@type\":\"ImageObject\",\"inLanguage\":\"de\",\"@id\":\"https:\\\/\\\/yilkomer.com\\\/de\\\/blitzeinschlag-in-ein-windkraftwerk-von-kameras-aufgezeichnet\\\/#primaryimage\",\"url\":\"https:\\\/\\\/yilkomer.com\\\/wp-content\\\/uploads\\\/2018\\\/03\\\/r\u00fczgar-santraline-d\u00fc\u015fen-y\u0131ld\u0131r\u0131m-2.jpg\",\"contentUrl\":\"https:\\\/\\\/yilkomer.com\\\/wp-content\\\/uploads\\\/2018\\\/03\\\/r\u00fczgar-santraline-d\u00fc\u015fen-y\u0131ld\u0131r\u0131m-2.jpg\",\"width\":890,\"height\":495},{\"@type\":\"BreadcrumbList\",\"@id\":\"https:\\\/\\\/yilkomer.com\\\/de\\\/blitzeinschlag-in-ein-windkraftwerk-von-kameras-aufgezeichnet\\\/#breadcrumb\",\"itemListElement\":[{\"@type\":\"ListItem\",\"position\":1,\"name\":\"Ana Sayfa\",\"item\":\"https:\\\/\\\/yilkomer.com\\\/de\\\/\"},{\"@type\":\"ListItem\",\"position\":2,\"name\":\"Blitzeinschlag in ein Windkraftwerk von Kameras aufgezeichnet\"}]},{\"@type\":\"WebSite\",\"@id\":\"https:\\\/\\\/yilkomer.com\\\/de\\\/#website\",\"url\":\"https:\\\/\\\/yilkomer.com\\\/de\\\/\",\"name\":\"Y\u0131lkomer\",\"description\":\"\",\"publisher\":{\"@id\":\"https:\\\/\\\/yilkomer.com\\\/de\\\/#organization\"},\"alternateName\":\"Y\u0131lkomer\",\"potentialAction\":[{\"@type\":\"SearchAction\",\"target\":{\"@type\":\"EntryPoint\",\"urlTemplate\":\"https:\\\/\\\/yilkomer.com\\\/de\\\/?s={search_term_string}\"},\"query-input\":{\"@type\":\"PropertyValueSpecification\",\"valueRequired\":true,\"valueName\":\"search_term_string\"}}],\"inLanguage\":\"de\"},{\"@type\":\"Organization\",\"@id\":\"https:\\\/\\\/yilkomer.com\\\/de\\\/#organization\",\"name\":\"Yilkomer\",\"url\":\"https:\\\/\\\/yilkomer.com\\\/de\\\/\",\"logo\":{\"@type\":\"ImageObject\",\"inLanguage\":\"de\",\"@id\":\"https:\\\/\\\/yilkomer.com\\\/de\\\/#\\\/schema\\\/logo\\\/image\\\/\",\"url\":\"https:\\\/\\\/yilkomer.com\\\/wp-content\\\/uploads\\\/2015\\\/01\\\/logo.png\",\"contentUrl\":\"https:\\\/\\\/yilkomer.com\\\/wp-content\\\/uploads\\\/2015\\\/01\\\/logo.png\",\"width\":1000,\"height\":189,\"caption\":\"Yilkomer\"},\"image\":{\"@id\":\"https:\\\/\\\/yilkomer.com\\\/de\\\/#\\\/schema\\\/logo\\\/image\\\/\"}},{\"@type\":\"Person\",\"@id\":\"https:\\\/\\\/yilkomer.com\\\/de\\\/#\\\/schema\\\/person\\\/1378732ec91a59af36092fedd9f6f871\",\"name\":\"Y\u0131ld\u0131r\u0131mdan Korunma Merkezi\",\"description\":\"Y\u0131lkomer (Y\u0131ld\u0131r\u0131mdan Korunma Merkezi) \u00fclkemizde y\u0131ld\u0131r\u0131mdan ve a\u015f\u0131r\u0131 gerilimden korunmada teknik eksiklikleri ortadan kald\u0131rarak tamamen standartlar ve m\u00fchendislik hesaplar\u0131na dayanarak sistem kurmay\u0131 hedeflemektedir.\",\"sameAs\":[\"https:\\\/\\\/www.facebook.com\\\/yilkomer\",\"https:\\\/\\\/www.linkedin.com\\\/profile\\\/view?id=393173773&trk=nav_responsive_tab_profile\",\"https:\\\/\\\/x.com\\\/https:\\\/\\\/twitter.com\\\/yilkomer\",\"admin\"]}]}<\/script>\n<!-- \/ Yoast SEO Premium plugin. -->","yoast_head_json":{"title":"Blitzeinschlag in ein Windkraftwerk von Kameras aufgezeichnet","robots":{"index":"index","follow":"follow","max-snippet":"max-snippet:-1","max-image-preview":"max-image-preview:large","max-video-preview":"max-video-preview:-1"},"canonical":"https:\/\/yilkomer.com\/de\/blitzeinschlag-in-ein-windkraftwerk-von-kameras-aufgezeichnet\/","og_locale":"de_DE","og_type":"article","og_title":"Blitzeinschlag in ein Windkraftwerk von Kameras aufgezeichnet","og_description":"Ein Blitzeinschlag in ein Windkraftwerk in der Region Izmir wurde k\u00fcrzlich von Kameras festgehalten. Da alle Kameras und Switches mangels Schutz","og_url":"https:\/\/yilkomer.com\/de\/blitzeinschlag-in-ein-windkraftwerk-von-kameras-aufgezeichnet\/","og_site_name":"Y\u0131lkomer","article_author":"https:\/\/www.facebook.com\/yilkomer","article_published_time":"2018-03-03T17:06:22+00:00","article_modified_time":"2026-01-20T13:08:01+00:00","og_image":[{"width":890,"height":495,"url":"https:\/\/yilkomer.com\/wp-content\/uploads\/2018\/03\/r\u00fczgar-santraline-d\u00fc\u015fen-y\u0131ld\u0131r\u0131m-2.jpg","type":"image\/jpeg"}],"author":"Y\u0131ld\u0131r\u0131mdan Korunma Merkezi","twitter_misc":{"Verfasst von":"Y\u0131ld\u0131r\u0131mdan Korunma Merkezi","Gesch\u00e4tzte Lesezeit":"2\u00a0Minuten"},"schema":{"@context":"https:\/\/schema.org","@graph":[{"@type":"Article","@id":"https:\/\/yilkomer.com\/de\/blitzeinschlag-in-ein-windkraftwerk-von-kameras-aufgezeichnet\/#article","isPartOf":{"@id":"https:\/\/yilkomer.com\/de\/blitzeinschlag-in-ein-windkraftwerk-von-kameras-aufgezeichnet\/"},"author":{"name":"Y\u0131ld\u0131r\u0131mdan Korunma Merkezi","@id":"https:\/\/yilkomer.com\/de\/#\/schema\/person\/1378732ec91a59af36092fedd9f6f871"},"headline":"Blitzeinschlag in ein Windkraftwerk von Kameras aufgezeichnet","datePublished":"2018-03-03T17:06:22+00:00","dateModified":"2026-01-20T13:08:01+00:00","mainEntityOfPage":{"@id":"https:\/\/yilkomer.com\/de\/blitzeinschlag-in-ein-windkraftwerk-von-kameras-aufgezeichnet\/"},"wordCount":329,"commentCount":0,"publisher":{"@id":"https:\/\/yilkomer.com\/de\/#organization"},"image":{"@id":"https:\/\/yilkomer.com\/de\/blitzeinschlag-in-ein-windkraftwerk-von-kameras-aufgezeichnet\/#primaryimage"},"thumbnailUrl":"https:\/\/yilkomer.com\/wp-content\/uploads\/2018\/03\/r\u00fczgar-santraline-d\u00fc\u015fen-y\u0131ld\u0131r\u0131m-2.jpg","inLanguage":"de","potentialAction":[{"@type":"CommentAction","name":"Comment","target":["https:\/\/yilkomer.com\/de\/blitzeinschlag-in-ein-windkraftwerk-von-kameras-aufgezeichnet\/#respond"]}]},{"@type":"WebPage","@id":"https:\/\/yilkomer.com\/de\/blitzeinschlag-in-ein-windkraftwerk-von-kameras-aufgezeichnet\/","url":"https:\/\/yilkomer.com\/de\/blitzeinschlag-in-ein-windkraftwerk-von-kameras-aufgezeichnet\/","name":"Blitzeinschlag in ein Windkraftwerk von Kameras aufgezeichnet","isPartOf":{"@id":"https:\/\/yilkomer.com\/de\/#website"},"primaryImageOfPage":{"@id":"https:\/\/yilkomer.com\/de\/blitzeinschlag-in-ein-windkraftwerk-von-kameras-aufgezeichnet\/#primaryimage"},"image":{"@id":"https:\/\/yilkomer.com\/de\/blitzeinschlag-in-ein-windkraftwerk-von-kameras-aufgezeichnet\/#primaryimage"},"thumbnailUrl":"https:\/\/yilkomer.com\/wp-content\/uploads\/2018\/03\/r\u00fczgar-santraline-d\u00fc\u015fen-y\u0131ld\u0131r\u0131m-2.jpg","datePublished":"2018-03-03T17:06:22+00:00","dateModified":"2026-01-20T13:08:01+00:00","breadcrumb":{"@id":"https:\/\/yilkomer.com\/de\/blitzeinschlag-in-ein-windkraftwerk-von-kameras-aufgezeichnet\/#breadcrumb"},"inLanguage":"de","potentialAction":[{"@type":"ReadAction","target":["https:\/\/yilkomer.com\/de\/blitzeinschlag-in-ein-windkraftwerk-von-kameras-aufgezeichnet\/"]}]},{"@type":"ImageObject","inLanguage":"de","@id":"https:\/\/yilkomer.com\/de\/blitzeinschlag-in-ein-windkraftwerk-von-kameras-aufgezeichnet\/#primaryimage","url":"https:\/\/yilkomer.com\/wp-content\/uploads\/2018\/03\/r\u00fczgar-santraline-d\u00fc\u015fen-y\u0131ld\u0131r\u0131m-2.jpg","contentUrl":"https:\/\/yilkomer.com\/wp-content\/uploads\/2018\/03\/r\u00fczgar-santraline-d\u00fc\u015fen-y\u0131ld\u0131r\u0131m-2.jpg","width":890,"height":495},{"@type":"BreadcrumbList","@id":"https:\/\/yilkomer.com\/de\/blitzeinschlag-in-ein-windkraftwerk-von-kameras-aufgezeichnet\/#breadcrumb","itemListElement":[{"@type":"ListItem","position":1,"name":"Ana Sayfa","item":"https:\/\/yilkomer.com\/de\/"},{"@type":"ListItem","position":2,"name":"Blitzeinschlag in ein Windkraftwerk von Kameras aufgezeichnet"}]},{"@type":"WebSite","@id":"https:\/\/yilkomer.com\/de\/#website","url":"https:\/\/yilkomer.com\/de\/","name":"Y\u0131lkomer","description":"","publisher":{"@id":"https:\/\/yilkomer.com\/de\/#organization"},"alternateName":"Y\u0131lkomer","potentialAction":[{"@type":"SearchAction","target":{"@type":"EntryPoint","urlTemplate":"https:\/\/yilkomer.com\/de\/?s={search_term_string}"},"query-input":{"@type":"PropertyValueSpecification","valueRequired":true,"valueName":"search_term_string"}}],"inLanguage":"de"},{"@type":"Organization","@id":"https:\/\/yilkomer.com\/de\/#organization","name":"Yilkomer","url":"https:\/\/yilkomer.com\/de\/","logo":{"@type":"ImageObject","inLanguage":"de","@id":"https:\/\/yilkomer.com\/de\/#\/schema\/logo\/image\/","url":"https:\/\/yilkomer.com\/wp-content\/uploads\/2015\/01\/logo.png","contentUrl":"https:\/\/yilkomer.com\/wp-content\/uploads\/2015\/01\/logo.png","width":1000,"height":189,"caption":"Yilkomer"},"image":{"@id":"https:\/\/yilkomer.com\/de\/#\/schema\/logo\/image\/"}},{"@type":"Person","@id":"https:\/\/yilkomer.com\/de\/#\/schema\/person\/1378732ec91a59af36092fedd9f6f871","name":"Y\u0131ld\u0131r\u0131mdan Korunma Merkezi","description":"Y\u0131lkomer (Y\u0131ld\u0131r\u0131mdan Korunma Merkezi) \u00fclkemizde y\u0131ld\u0131r\u0131mdan ve a\u015f\u0131r\u0131 gerilimden korunmada teknik eksiklikleri ortadan kald\u0131rarak tamamen standartlar ve m\u00fchendislik hesaplar\u0131na dayanarak sistem kurmay\u0131 hedeflemektedir.","sameAs":["https:\/\/www.facebook.com\/yilkomer","https:\/\/www.linkedin.com\/profile\/view?id=393173773&trk=nav_responsive_tab_profile","https:\/\/x.com\/https:\/\/twitter.com\/yilkomer","admin"]}]}},"_links":{"self":[{"href":"https:\/\/yilkomer.com\/de\/wp-json\/wp\/v2\/posts\/58087","targetHints":{"allow":["GET"]}}],"collection":[{"href":"https:\/\/yilkomer.com\/de\/wp-json\/wp\/v2\/posts"}],"about":[{"href":"https:\/\/yilkomer.com\/de\/wp-json\/wp\/v2\/types\/post"}],"author":[{"embeddable":true,"href":"https:\/\/yilkomer.com\/de\/wp-json\/wp\/v2\/users\/1"}],"replies":[{"embeddable":true,"href":"https:\/\/yilkomer.com\/de\/wp-json\/wp\/v2\/comments?post=58087"}],"version-history":[{"count":2,"href":"https:\/\/yilkomer.com\/de\/wp-json\/wp\/v2\/posts\/58087\/revisions"}],"predecessor-version":[{"id":58099,"href":"https:\/\/yilkomer.com\/de\/wp-json\/wp\/v2\/posts\/58087\/revisions\/58099"}],"wp:featuredmedia":[{"embeddable":true,"href":"https:\/\/yilkomer.com\/de\/wp-json\/wp\/v2\/media\/58088"}],"wp:attachment":[{"href":"https:\/\/yilkomer.com\/de\/wp-json\/wp\/v2\/media?parent=58087"}],"wp:term":[{"taxonomy":"category","embeddable":true,"href":"https:\/\/yilkomer.com\/de\/wp-json\/wp\/v2\/categories?post=58087"},{"taxonomy":"post_tag","embeddable":true,"href":"https:\/\/yilkomer.com\/de\/wp-json\/wp\/v2\/tags?post=58087"}],"curies":[{"name":"wp","href":"https:\/\/api.w.org\/{rel}","templated":true}]}}